{"id":2245,"date":"2025-04-08T16:09:56","date_gmt":"2025-04-08T19:09:56","guid":{"rendered":"https:\/\/triviumnews.com.br\/?p=2245"},"modified":"2025-04-08T16:22:43","modified_gmt":"2025-04-08T19:22:43","slug":"nosso-campeao-de-karate-breno-bueno","status":"publish","type":"post","link":"https:\/\/triviumnews.com.br\/index.php\/2025\/04\/08\/nosso-campeao-de-karate-breno-bueno\/","title":{"rendered":"Nosso campe\u00e3o de karat\u00ea: Breno Bueno"},"content":{"rendered":"\n<p>Breno Marques Bueno, estudante do 5\u00ba ano do fundamental 1, foi campe\u00e3o na seletiva estadual em S\u00e3o Paulo e na seletiva nacional no Rio de Janeiro e sua pr\u00f3xima etapa ser\u00e1 o campeonato sul-americano, no estado de Pernambuco, em junho.<\/p>\n\n\n\n<p>O atleta mirim, nascido em 2015, iniciou sua jornada no karat\u00ea com apenas 2 anos e meio em sua antiga escola. Aos 5 anos, Breno mudou-se para o Col\u00e9gio Trivium e se matriculou em uma academia de karat\u00ea, a Gladiators. Seu primeiro campeonato aconteceu no p\u00f3s-pandemia, em Santos, e foi campe\u00e3o. Atualmente, com 9 anos, est\u00e1 na faixa roxa, j\u00e1 participou de aproximadamente 70  campeonatos e continua os treinos nas categorias Kata e Shiai Kumit\u00ea.<\/p>\n\n\n\n<p>No come\u00e7o deste ano, o karateca conquistou a vaga na sele\u00e7\u00e3o brasileira na categoria Shiai Kumit\u00ea sub-12, participando das seletivas estadual e nacional e diz que essas foram suas maiores conquistas at\u00e9 o momento e que sua meta \u00e9 competir na sele\u00e7\u00e3o mundial.<\/p>\n\n\n\n<p>O jovem prod\u00edgio conta que se sente apoiado pelos seus pais, amigos e senseis e dedica suas vit\u00f3rias \u00e0 eles. Mesmo \u00e0 procura de patrocinadores at\u00e9 agora, Breno j\u00e1 pensa em sua carreira profissional no karat\u00ea futuramente.<\/p>\n\n\n\n<figure class=\"wp-container-2 wp-block-gallery-1 wp-block-gallery has-nested-images columns-default is-cropped\">\n<figure class=\"wp-block-image size-large\"><img loading=\"lazy\" width=\"769\" height=\"1024\" data-id=\"2318\"  src=\"https:\/\/triviumnews.com.br\/wp-content\/uploads\/2025\/04\/Screenshot_20250407-152341_WhatsApp-769x1024.jpg\" alt=\"\" class=\"wp-image-2318\" srcset=\"https:\/\/triviumnews.com.br\/wp-content\/uploads\/2025\/04\/Screenshot_20250407-152341_WhatsApp-769x1024.jpg 769w, https:\/\/triviumnews.com.br\/wp-content\/uploads\/2025\/04\/Screenshot_20250407-152341_WhatsApp-225x300.jpg 225w, https:\/\/triviumnews.com.br\/wp-content\/uploads\/2025\/04\/Screenshot_20250407-152341_WhatsApp-768x1022.jpg 768w, https:\/\/triviumnews.com.br\/wp-content\/uploads\/2025\/04\/Screenshot_20250407-152341_WhatsApp.jpg 1079w\" sizes=\"(max-width: 769px) 100vw, 769px\" \/><\/figure>\n<\/figure>\n\n\n\n<p><\/p>\n\n\n\n<p><\/p>\n\n\n\n<p><\/p>\n\n\n\n<p><\/p>\n\n\n\n<p><\/p>\n","protected":false},"excerpt":{"rendered":"<p>Breno Marques Bueno, estudante do 5\u00ba ano do fundamental 1, foi campe\u00e3o na seletiva estadual em S\u00e3o Paulo e na seletiva nacional no Rio de Janeiro e sua pr\u00f3xima etapa ser\u00e1 o campeonato sul-americano, no estado de Pernambuco, em junho. O atleta mirim, nascido em 2015, iniciou sua jornada no karat\u00ea com apenas 2 anos [&hellip;]<\/p>\n","protected":false},"author":43,"featured_media":2319,"comment_status":"open","ping_status":"open","sticky":false,"template":"","format":"standard","meta":{"om_disable_all_campaigns":false,"_mi_skip_tracking":false},"categories":[9],"tags":[],"_links":{"self":[{"href":"https:\/\/triviumnews.com.br\/index.php\/wp-json\/wp\/v2\/posts\/2245"}],"collection":[{"href":"https:\/\/triviumnews.com.br\/index.php\/wp-json\/wp\/v2\/posts"}],"about":[{"href":"https:\/\/triviumnews.com.br\/index.php\/wp-json\/wp\/v2\/types\/post"}],"author":[{"embeddable":true,"href":"https:\/\/triviumnews.com.br\/index.php\/wp-json\/wp\/v2\/users\/43"}],"replies":[{"embeddable":true,"href":"https:\/\/triviumnews.com.br\/index.php\/wp-json\/wp\/v2\/comments?post=2245"}],"version-history":[{"count":8,"href":"https:\/\/triviumnews.com.br\/index.php\/wp-json\/wp\/v2\/posts\/2245\/revisions"}],"predecessor-version":[{"id":2364,"href":"https:\/\/triviumnews.com.br\/index.php\/wp-json\/wp\/v2\/posts\/2245\/revisions\/2364"}],"wp:featuredmedia":[{"embeddable":true,"href":"https:\/\/triviumnews.com.br\/index.php\/wp-json\/wp\/v2\/media\/2319"}],"wp:attachment":[{"href":"https:\/\/triviumnews.com.br\/index.php\/wp-json\/wp\/v2\/media?parent=2245"}],"wp:term":[{"taxonomy":"category","embeddable":true,"href":"https:\/\/triviumnews.com.br\/index.php\/wp-json\/wp\/v2\/categories?post=2245"},{"taxonomy":"post_tag","embeddable":true,"href":"https:\/\/triviumnews.com.br\/index.php\/wp-json\/wp\/v2\/tags?post=2245"}],"curies":[{"name":"wp","href":"https:\/\/api.w.org\/{rel}","templated":true}]}}